{"id":1563,"date":"2017-02-13T12:52:24","date_gmt":"2017-02-13T11:52:24","guid":{"rendered":"http:\/\/dreamhaven.pl\/2017\/?p=1563"},"modified":"2017-03-20T21:21:09","modified_gmt":"2017-03-20T20:21:09","slug":"1563","status":"publish","type":"post","link":"http:\/\/dreamhaven.pl\/2017\/02\/1563\/","title":{"rendered":"KOLA 2017 zako\u0144czona"},"content":{"rendered":"<p>Po\u017cegnali\u015bmy Lublin &#8211; grupa LubLarp zorganizowa\u0142a \u015bwietn\u0105 konferencj\u0119, zar\u00f3wno pod wzgl\u0119dem merytorycznym jak i przyjazno\u015bci uczestnikom. Wydarzenie powsta\u0142o przy wsp\u00f3\u0142pracy <a href=\"http:\/\/www.spotkaniakultur.com\/\">Centrum Spotkania Kultur<\/a>, <a id=\"js_h2d\" class=\"profileLink\" href=\"https:\/\/www.facebook.com\/cytadelasyriusza\/\">Lubelskiego Stowarzyszenia Fantastyki &#8222;Cytadela Syriusza&#8221;<\/a>, <a class=\"profileLink\" href=\"https:\/\/www.facebook.com\/FundacjaTeatrikon\/\">Fundacji Teatrikon<\/a> i zosta\u0142o obj\u0119te patronatami honorowymi Prezydenta Lublina Krzysztofa \u017buka, oraz Marsza\u0142ka Wojew\u00f3dztwa Lubelskiego S\u0142awomira Sosnowskiego. Wynie\u015bli\u015bmy ze spotkania wiele inspiracji, kt\u00f3ra &#8211; mamy nadziej\u0119 &#8211; pos\u0142u\u017cy do zbudowania lepszej DeHy dla Was.<\/p>\n<p>Zgodnie z tradycj\u0105, wybrany zosta\u0142 organizator KOLI 2019 &#8211; zosta\u0142a nim AR Argos (kt\u00f3ra jest tak\u017ce autorem tegorocznej gry g\u0142\u00f3wnej Dreamhaven).<\/p>\n<p>Za rok widzimy si\u0119 na Konferencji Larpowej w Krakowie, tworzonej si\u0142ami<a href=\"https:\/\/www.facebook.com\/Larpownia\"> Larpowni. <\/a>Trzymamy kciuki i ju\u017c nie mo\u017cemy si\u0119 doczeka\u0107!<\/p>\n","protected":false},"excerpt":{"rendered":"<p>Po\u017cegnali\u015bmy Lublin &#8211; grupa LubLarp zorganizowa\u0142a \u015bwietn\u0105 konferencj\u0119, zar\u00f3wno pod wzgl\u0119dem merytorycznym jak i przyjazno\u015bci uczestnikom. Wydarzenie powsta\u0142o przy wsp\u00f3\u0142pracy Centrum Spotkania Kultur, Lubelskiego Stowarzyszenia Fantastyki &#8222;Cytadela Syriusza&#8221;, Fundacji Teatrikon i zosta\u0142o obj\u0119te patronatami honorowymi Prezydenta Lublina Krzysztofa \u017buka, oraz Marsza\u0142ka Wojew\u00f3dztwa Lubelskiego S\u0142awomira Sosnowskiego. Wynie\u015bli\u015bmy ze spotkania wiele inspiracji, kt\u00f3ra &#8211; mamy nadziej\u0119 &#8211; [&hellip;]<\/p>\n","protected":false},"author":8,"featured_media":1564,"comment_status":"closed","ping_status":"open","sticky":false,"template":"","format":"standard","meta":{"_monsterinsights_skip_tracking":false,"_monsterinsights_sitenote_active":false,"_monsterinsights_sitenote_note":"","_monsterinsights_sitenote_category":0,"jetpack_post_was_ever_published":false,"_jetpack_newsletter_access":"","_jetpack_dont_email_post_to_subs":true,"_jetpack_newsletter_tier_id":0,"_jetpack_memberships_contains_paywalled_content":false,"_jetpack_memberships_contains_paid_content":false,"footnotes":"","jetpack_publicize_message":"#LublinRobiToDobrze \r\nA za rok widzimy si\u0119 w Krakowie!","jetpack_publicize_feature_enabled":true,"jetpack_social_post_already_shared":true,"jetpack_social_options":{"image_generator_settings":{"template":"highway","default_image_id":0,"font":"","enabled":false},"version":2}},"categories":[5],"tags":[33,32,51],"class_list":{"0":"post-1563","1":"post","2":"type-post","3":"status-publish","4":"format-standard","5":"has-post-thumbnail","6":"hentry","7":"category-organizacyjne","8":"tag-dh2017","9":"tag-dreamhaven","10":"tag-kola","12":"post-with-thumbnail","13":"post-with-thumbnail-large"},"yoast_head":"<!-- This site is optimized with the Yoast SEO plugin v27.2 - https:\/\/yoast.com\/product\/yoast-seo-wordpress\/ -->\n<title>KOLA 2017 zako\u0144czona - Dreamhaven 2017<\/title>\n<meta name=\"robots\" content=\"index, follow, max-snippet:-1, max-image-preview:large, max-video-preview:-1\" \/>\n<link rel=\"canonical\" href=\"http:\/\/dreamhaven.pl\/2017\/02\/1563\/\" \/>\n<meta property=\"og:locale\" content=\"pl_PL\" \/>\n<meta property=\"og:type\" content=\"article\" \/>\n<meta property=\"og:title\" content=\"KOLA 2017 zako\u0144czona - Dreamhaven 2017\" \/>\n<meta property=\"og:description\" content=\"Po\u017cegnali\u015bmy Lublin &#8211; grupa LubLarp zorganizowa\u0142a \u015bwietn\u0105 konferencj\u0119, zar\u00f3wno pod wzgl\u0119dem merytorycznym jak i przyjazno\u015bci uczestnikom. Wydarzenie powsta\u0142o przy wsp\u00f3\u0142pracy Centrum Spotkania Kultur, Lubelskiego Stowarzyszenia Fantastyki &#8222;Cytadela Syriusza&#8221;, Fundacji Teatrikon i zosta\u0142o obj\u0119te patronatami honorowymi Prezydenta Lublina Krzysztofa \u017buka, oraz Marsza\u0142ka Wojew\u00f3dztwa Lubelskiego S\u0142awomira Sosnowskiego. Wynie\u015bli\u015bmy ze spotkania wiele inspiracji, kt\u00f3ra &#8211; mamy nadziej\u0119 &#8211; [&hellip;]\" \/>\n<meta property=\"og:url\" content=\"http:\/\/dreamhaven.pl\/2017\/02\/1563\/\" \/>\n<meta property=\"og:site_name\" content=\"Dreamhaven 2017\" \/>\n<meta property=\"article:author\" content=\"https:\/\/www.facebook.com\/fil.dreamhaven\/\" \/>\n<meta property=\"article:published_time\" content=\"2017-02-13T11:52:24+00:00\" \/>\n<meta property=\"article:modified_time\" content=\"2017-03-20T20:21:09+00:00\" \/>\n<meta property=\"og:image\" content=\"http:\/\/dreamhaven.pl\/2017\/wp-content\/uploads\/sites\/5\/2017\/02\/news11.jpg\" \/>\n\t<meta property=\"og:image:width\" content=\"640\" \/>\n\t<meta property=\"og:image:height\" content=\"360\" \/>\n\t<meta property=\"og:image:type\" content=\"image\/jpeg\" \/>\n<meta name=\"author\" content=\"Danai\" \/>\n<meta name=\"twitter:card\" content=\"summary_large_image\" \/>\n<meta name=\"twitter:label1\" content=\"Napisane przez\" \/>\n\t<meta name=\"twitter:data1\" content=\"Danai\" \/>\n\t<meta name=\"twitter:label2\" content=\"Szacowany czas czytania\" \/>\n\t<meta name=\"twitter:data2\" content=\"1 minuta\" \/>\n<script type=\"application\/ld+json\" class=\"yoast-schema-graph\">{\"@context\":\"https:\/\/schema.org\",\"@graph\":[{\"@type\":\"Article\",\"@id\":\"http:\/\/dreamhaven.pl\/2017\/02\/1563\/#article\",\"isPartOf\":{\"@id\":\"http:\/\/dreamhaven.pl\/2017\/02\/1563\/\"},\"author\":{\"name\":\"Danai\",\"@id\":\"http:\/\/dreamhaven.pl\/2017\/#\/schema\/person\/aa02104463d4730a36dba60680dbe98f\"},\"headline\":\"KOLA 2017 zako\u0144czona\",\"datePublished\":\"2017-02-13T11:52:24+00:00\",\"dateModified\":\"2017-03-20T20:21:09+00:00\",\"mainEntityOfPage\":{\"@id\":\"http:\/\/dreamhaven.pl\/2017\/02\/1563\/\"},\"wordCount\":129,\"image\":{\"@id\":\"http:\/\/dreamhaven.pl\/2017\/02\/1563\/#primaryimage\"},\"thumbnailUrl\":\"http:\/\/dreamhaven.pl\/2017\/wp-content\/uploads\/sites\/5\/2017\/02\/news11.jpg\",\"keywords\":[\"DH2017\",\"dreamhaven\",\"kola\"],\"articleSection\":[\"Organizacyjne\"],\"inLanguage\":\"pl-PL\"},{\"@type\":\"WebPage\",\"@id\":\"http:\/\/dreamhaven.pl\/2017\/02\/1563\/\",\"url\":\"http:\/\/dreamhaven.pl\/2017\/02\/1563\/\",\"name\":\"KOLA 2017 zako\u0144czona - Dreamhaven 2017\",\"isPartOf\":{\"@id\":\"http:\/\/dreamhaven.pl\/2017\/#website\"},\"primaryImageOfPage\":{\"@id\":\"http:\/\/dreamhaven.pl\/2017\/02\/1563\/#primaryimage\"},\"image\":{\"@id\":\"http:\/\/dreamhaven.pl\/2017\/02\/1563\/#primaryimage\"},\"thumbnailUrl\":\"http:\/\/dreamhaven.pl\/2017\/wp-content\/uploads\/sites\/5\/2017\/02\/news11.jpg\",\"datePublished\":\"2017-02-13T11:52:24+00:00\",\"dateModified\":\"2017-03-20T20:21:09+00:00\",\"author\":{\"@id\":\"http:\/\/dreamhaven.pl\/2017\/#\/schema\/person\/aa02104463d4730a36dba60680dbe98f\"},\"breadcrumb\":{\"@id\":\"http:\/\/dreamhaven.pl\/2017\/02\/1563\/#breadcrumb\"},\"inLanguage\":\"pl-PL\",\"potentialAction\":[{\"@type\":\"ReadAction\",\"target\":[\"http:\/\/dreamhaven.pl\/2017\/02\/1563\/\"]}]},{\"@type\":\"ImageObject\",\"inLanguage\":\"pl-PL\",\"@id\":\"http:\/\/dreamhaven.pl\/2017\/02\/1563\/#primaryimage\",\"url\":\"http:\/\/dreamhaven.pl\/2017\/wp-content\/uploads\/sites\/5\/2017\/02\/news11.jpg\",\"contentUrl\":\"http:\/\/dreamhaven.pl\/2017\/wp-content\/uploads\/sites\/5\/2017\/02\/news11.jpg\",\"width\":640,\"height\":360},{\"@type\":\"BreadcrumbList\",\"@id\":\"http:\/\/dreamhaven.pl\/2017\/02\/1563\/#breadcrumb\",\"itemListElement\":[{\"@type\":\"ListItem\",\"position\":1,\"name\":\"Strona g\u0142\u00f3wna\",\"item\":\"http:\/\/dreamhaven.pl\/2017\/\"},{\"@type\":\"ListItem\",\"position\":2,\"name\":\"KOLA 2017 zako\u0144czona\"}]},{\"@type\":\"WebSite\",\"@id\":\"http:\/\/dreamhaven.pl\/2017\/#website\",\"url\":\"http:\/\/dreamhaven.pl\/2017\/\",\"name\":\"Dreamhaven 2017\",\"description\":\"Festiwal Innowacji Larpowych\",\"potentialAction\":[{\"@type\":\"SearchAction\",\"target\":{\"@type\":\"EntryPoint\",\"urlTemplate\":\"http:\/\/dreamhaven.pl\/2017\/?s={search_term_string}\"},\"query-input\":{\"@type\":\"PropertyValueSpecification\",\"valueRequired\":true,\"valueName\":\"search_term_string\"}}],\"inLanguage\":\"pl-PL\"},{\"@type\":\"Person\",\"@id\":\"http:\/\/dreamhaven.pl\/2017\/#\/schema\/person\/aa02104463d4730a36dba60680dbe98f\",\"name\":\"Danai\",\"image\":{\"@type\":\"ImageObject\",\"inLanguage\":\"pl-PL\",\"@id\":\"https:\/\/secure.gravatar.com\/avatar\/b9fe7251d3c0895c21539bc679de0dbd6d3af3d556126ea88407f88e3cbdde38?s=96&d=mm&r=g\",\"url\":\"https:\/\/secure.gravatar.com\/avatar\/b9fe7251d3c0895c21539bc679de0dbd6d3af3d556126ea88407f88e3cbdde38?s=96&d=mm&r=g\",\"contentUrl\":\"https:\/\/secure.gravatar.com\/avatar\/b9fe7251d3c0895c21539bc679de0dbd6d3af3d556126ea88407f88e3cbdde38?s=96&d=mm&r=g\",\"caption\":\"Danai\"},\"sameAs\":[\"https:\/\/www.facebook.com\/fil.dreamhaven\/\"],\"url\":\"http:\/\/dreamhaven.pl\/2017\/author\/danai\/\"}]}<\/script>\n<!-- \/ Yoast SEO plugin. -->","yoast_head_json":{"title":"KOLA 2017 zako\u0144czona - Dreamhaven 2017","robots":{"index":"index","follow":"follow","max-snippet":"max-snippet:-1","max-image-preview":"max-image-preview:large","max-video-preview":"max-video-preview:-1"},"canonical":"http:\/\/dreamhaven.pl\/2017\/02\/1563\/","og_locale":"pl_PL","og_type":"article","og_title":"KOLA 2017 zako\u0144czona - Dreamhaven 2017","og_description":"Po\u017cegnali\u015bmy Lublin &#8211; grupa LubLarp zorganizowa\u0142a \u015bwietn\u0105 konferencj\u0119, zar\u00f3wno pod wzgl\u0119dem merytorycznym jak i przyjazno\u015bci uczestnikom. Wydarzenie powsta\u0142o przy wsp\u00f3\u0142pracy Centrum Spotkania Kultur, Lubelskiego Stowarzyszenia Fantastyki &#8222;Cytadela Syriusza&#8221;, Fundacji Teatrikon i zosta\u0142o obj\u0119te patronatami honorowymi Prezydenta Lublina Krzysztofa \u017buka, oraz Marsza\u0142ka Wojew\u00f3dztwa Lubelskiego S\u0142awomira Sosnowskiego. Wynie\u015bli\u015bmy ze spotkania wiele inspiracji, kt\u00f3ra &#8211; mamy nadziej\u0119 &#8211; [&hellip;]","og_url":"http:\/\/dreamhaven.pl\/2017\/02\/1563\/","og_site_name":"Dreamhaven 2017","article_author":"https:\/\/www.facebook.com\/fil.dreamhaven\/","article_published_time":"2017-02-13T11:52:24+00:00","article_modified_time":"2017-03-20T20:21:09+00:00","og_image":[{"width":640,"height":360,"url":"http:\/\/dreamhaven.pl\/2017\/wp-content\/uploads\/sites\/5\/2017\/02\/news11.jpg","type":"image\/jpeg"}],"author":"Danai","twitter_card":"summary_large_image","twitter_misc":{"Napisane przez":"Danai","Szacowany czas czytania":"1 minuta"},"schema":{"@context":"https:\/\/schema.org","@graph":[{"@type":"Article","@id":"http:\/\/dreamhaven.pl\/2017\/02\/1563\/#article","isPartOf":{"@id":"http:\/\/dreamhaven.pl\/2017\/02\/1563\/"},"author":{"name":"Danai","@id":"http:\/\/dreamhaven.pl\/2017\/#\/schema\/person\/aa02104463d4730a36dba60680dbe98f"},"headline":"KOLA 2017 zako\u0144czona","datePublished":"2017-02-13T11:52:24+00:00","dateModified":"2017-03-20T20:21:09+00:00","mainEntityOfPage":{"@id":"http:\/\/dreamhaven.pl\/2017\/02\/1563\/"},"wordCount":129,"image":{"@id":"http:\/\/dreamhaven.pl\/2017\/02\/1563\/#primaryimage"},"thumbnailUrl":"http:\/\/dreamhaven.pl\/2017\/wp-content\/uploads\/sites\/5\/2017\/02\/news11.jpg","keywords":["DH2017","dreamhaven","kola"],"articleSection":["Organizacyjne"],"inLanguage":"pl-PL"},{"@type":"WebPage","@id":"http:\/\/dreamhaven.pl\/2017\/02\/1563\/","url":"http:\/\/dreamhaven.pl\/2017\/02\/1563\/","name":"KOLA 2017 zako\u0144czona - Dreamhaven 2017","isPartOf":{"@id":"http:\/\/dreamhaven.pl\/2017\/#website"},"primaryImageOfPage":{"@id":"http:\/\/dreamhaven.pl\/2017\/02\/1563\/#primaryimage"},"image":{"@id":"http:\/\/dreamhaven.pl\/2017\/02\/1563\/#primaryimage"},"thumbnailUrl":"http:\/\/dreamhaven.pl\/2017\/wp-content\/uploads\/sites\/5\/2017\/02\/news11.jpg","datePublished":"2017-02-13T11:52:24+00:00","dateModified":"2017-03-20T20:21:09+00:00","author":{"@id":"http:\/\/dreamhaven.pl\/2017\/#\/schema\/person\/aa02104463d4730a36dba60680dbe98f"},"breadcrumb":{"@id":"http:\/\/dreamhaven.pl\/2017\/02\/1563\/#breadcrumb"},"inLanguage":"pl-PL","potentialAction":[{"@type":"ReadAction","target":["http:\/\/dreamhaven.pl\/2017\/02\/1563\/"]}]},{"@type":"ImageObject","inLanguage":"pl-PL","@id":"http:\/\/dreamhaven.pl\/2017\/02\/1563\/#primaryimage","url":"http:\/\/dreamhaven.pl\/2017\/wp-content\/uploads\/sites\/5\/2017\/02\/news11.jpg","contentUrl":"http:\/\/dreamhaven.pl\/2017\/wp-content\/uploads\/sites\/5\/2017\/02\/news11.jpg","width":640,"height":360},{"@type":"BreadcrumbList","@id":"http:\/\/dreamhaven.pl\/2017\/02\/1563\/#breadcrumb","itemListElement":[{"@type":"ListItem","position":1,"name":"Strona g\u0142\u00f3wna","item":"http:\/\/dreamhaven.pl\/2017\/"},{"@type":"ListItem","position":2,"name":"KOLA 2017 zako\u0144czona"}]},{"@type":"WebSite","@id":"http:\/\/dreamhaven.pl\/2017\/#website","url":"http:\/\/dreamhaven.pl\/2017\/","name":"Dreamhaven 2017","description":"Festiwal Innowacji Larpowych","potentialAction":[{"@type":"SearchAction","target":{"@type":"EntryPoint","urlTemplate":"http:\/\/dreamhaven.pl\/2017\/?s={search_term_string}"},"query-input":{"@type":"PropertyValueSpecification","valueRequired":true,"valueName":"search_term_string"}}],"inLanguage":"pl-PL"},{"@type":"Person","@id":"http:\/\/dreamhaven.pl\/2017\/#\/schema\/person\/aa02104463d4730a36dba60680dbe98f","name":"Danai","image":{"@type":"ImageObject","inLanguage":"pl-PL","@id":"https:\/\/secure.gravatar.com\/avatar\/b9fe7251d3c0895c21539bc679de0dbd6d3af3d556126ea88407f88e3cbdde38?s=96&d=mm&r=g","url":"https:\/\/secure.gravatar.com\/avatar\/b9fe7251d3c0895c21539bc679de0dbd6d3af3d556126ea88407f88e3cbdde38?s=96&d=mm&r=g","contentUrl":"https:\/\/secure.gravatar.com\/avatar\/b9fe7251d3c0895c21539bc679de0dbd6d3af3d556126ea88407f88e3cbdde38?s=96&d=mm&r=g","caption":"Danai"},"sameAs":["https:\/\/www.facebook.com\/fil.dreamhaven\/"],"url":"http:\/\/dreamhaven.pl\/2017\/author\/danai\/"}]}},"jetpack_publicize_connections":[],"jetpack_featured_media_url":"http:\/\/dreamhaven.pl\/2017\/wp-content\/uploads\/sites\/5\/2017\/02\/news11.jpg","jetpack_sharing_enabled":true,"jetpack_shortlink":"https:\/\/wp.me\/s73K4e-1563","jetpack_likes_enabled":true,"_links":{"self":[{"href":"http:\/\/dreamhaven.pl\/2017\/wp-json\/wp\/v2\/posts\/1563","targetHints":{"allow":["GET"]}}],"collection":[{"href":"http:\/\/dreamhaven.pl\/2017\/wp-json\/wp\/v2\/posts"}],"about":[{"href":"http:\/\/dreamhaven.pl\/2017\/wp-json\/wp\/v2\/types\/post"}],"author":[{"embeddable":true,"href":"http:\/\/dreamhaven.pl\/2017\/wp-json\/wp\/v2\/users\/8"}],"replies":[{"embeddable":true,"href":"http:\/\/dreamhaven.pl\/2017\/wp-json\/wp\/v2\/comments?post=1563"}],"version-history":[{"count":0,"href":"http:\/\/dreamhaven.pl\/2017\/wp-json\/wp\/v2\/posts\/1563\/revisions"}],"wp:featuredmedia":[{"embeddable":true,"href":"http:\/\/dreamhaven.pl\/2017\/wp-json\/wp\/v2\/media\/1564"}],"wp:attachment":[{"href":"http:\/\/dreamhaven.pl\/2017\/wp-json\/wp\/v2\/media?parent=1563"}],"wp:term":[{"taxonomy":"category","embeddable":true,"href":"http:\/\/dreamhaven.pl\/2017\/wp-json\/wp\/v2\/categories?post=1563"},{"taxonomy":"post_tag","embeddable":true,"href":"http:\/\/dreamhaven.pl\/2017\/wp-json\/wp\/v2\/tags?post=1563"}],"curies":[{"name":"wp","href":"https:\/\/api.w.org\/{rel}","templated":true}]}}