{"id":1820,"date":"2017-05-04T11:26:06","date_gmt":"2017-05-04T09:26:06","guid":{"rendered":"http:\/\/dreamhaven.pl\/2017\/?p=1820"},"modified":"2017-05-04T11:27:30","modified_gmt":"2017-05-04T09:27:30","slug":"program-kolorowe-kombo-programowe-warsztaty-haftu-oraz-festiwal-kolorow","status":"publish","type":"post","link":"http:\/\/dreamhaven.pl\/2017\/05\/program-kolorowe-kombo-programowe-warsztaty-haftu-oraz-festiwal-kolorow\/","title":{"rendered":"Punkt programu &#8211; kolorowe kombo programowe &#8211; Warsztaty Haftu oraz Festiwal Kolor\u00f3w"},"content":{"rendered":"<p><strong>Anna &#8222;Fil&#8221; Filipiak<\/strong> wprowadzi Was w <strong>tajniki haftu<\/strong> &#8211; co\u015b dla tych, kt\u00f3rym bliskie jest has\u0142o &#8222;Machaj ig\u0142\u0105, nie mieczem!&#8221;. Warto zg\u0142osi\u0107 si\u0119 wcze\u015bniej!<\/p>\n<p><strong>Zbigniew &#8222;Zkaj&#8221; Judek <\/strong>oraz Paulina <strong>&#8222;Lulish&#8221; Misiukiewicz <\/strong> pomog\u0105 Wam z\u0142apa\u0107 nieco koloru w \u017cyciu &#8211; przemienimy nasze bia\u0142e ubrania w radosny, barwny chaos za pomoc\u0105 proszku holi.<\/p>\n","protected":false},"excerpt":{"rendered":"<p>Anna &#8222;Fil&#8221; Filipiak wprowadzi Was w tajniki haftu &#8211; co\u015b dla tych, kt\u00f3rym bliskie jest has\u0142o &#8222;Machaj ig\u0142\u0105, nie mieczem!&#8221;. Warto zg\u0142osi\u0107 si\u0119 wcze\u015bniej! Zbigniew &#8222;Zkaj&#8221; Judek oraz Paulina &#8222;Lulish&#8221; Misiukiewicz pomog\u0105 Wam z\u0142apa\u0107 nieco koloru w \u017cyciu &#8211; przemienimy nasze bia\u0142e ubrania w radosny, barwny chaos za pomoc\u0105 proszku holi.<\/p>\n","protected":false},"author":8,"featured_media":1821,"comment_status":"closed","ping_status":"closed","sticky":false,"template":"","format":"standard","meta":{"_monsterinsights_skip_tracking":false,"_monsterinsights_sitenote_active":false,"_monsterinsights_sitenote_note":"","_monsterinsights_sitenote_category":0,"jetpack_post_was_ever_published":false,"_jetpack_newsletter_access":"","_jetpack_dont_email_post_to_subs":false,"_jetpack_newsletter_tier_id":0,"_jetpack_memberships_contains_paywalled_content":false,"_jetpack_memberships_contains_paid_content":false,"footnotes":"","jetpack_publicize_message":"Po majowym weekendzie wracamy z zapowiedziami punkt\u00f3w programu.","jetpack_publicize_feature_enabled":true,"jetpack_social_post_already_shared":true,"jetpack_social_options":{"image_generator_settings":{"template":"highway","default_image_id":0,"font":"","enabled":false},"version":2}},"categories":[24],"tags":[],"class_list":{"0":"post-1820","1":"post","2":"type-post","3":"status-publish","4":"format-standard","5":"has-post-thumbnail","6":"hentry","7":"category-program","9":"post-with-thumbnail","10":"post-with-thumbnail-large"},"yoast_head":"<!-- This site is optimized with the Yoast SEO plugin v27.2 - https:\/\/yoast.com\/product\/yoast-seo-wordpress\/ -->\n<title>Punkt programu - kolorowe kombo programowe - Warsztaty Haftu oraz Festiwal Kolor\u00f3w - Dreamhaven 2017<\/title>\n<meta name=\"robots\" content=\"index, follow, max-snippet:-1, max-image-preview:large, max-video-preview:-1\" \/>\n<link rel=\"canonical\" href=\"http:\/\/dreamhaven.pl\/2017\/05\/program-kolorowe-kombo-programowe-warsztaty-haftu-oraz-festiwal-kolorow\/\" \/>\n<meta property=\"og:locale\" content=\"pl_PL\" \/>\n<meta property=\"og:type\" content=\"article\" \/>\n<meta property=\"og:title\" content=\"Punkt programu - kolorowe kombo programowe - Warsztaty Haftu oraz Festiwal Kolor\u00f3w - Dreamhaven 2017\" \/>\n<meta property=\"og:description\" content=\"Anna &#8222;Fil&#8221; Filipiak wprowadzi Was w tajniki haftu &#8211; co\u015b dla tych, kt\u00f3rym bliskie jest has\u0142o &#8222;Machaj ig\u0142\u0105, nie mieczem!&#8221;. Warto zg\u0142osi\u0107 si\u0119 wcze\u015bniej! Zbigniew &#8222;Zkaj&#8221; Judek oraz Paulina &#8222;Lulish&#8221; Misiukiewicz pomog\u0105 Wam z\u0142apa\u0107 nieco koloru w \u017cyciu &#8211; przemienimy nasze bia\u0142e ubrania w radosny, barwny chaos za pomoc\u0105 proszku holi.\" \/>\n<meta property=\"og:url\" content=\"http:\/\/dreamhaven.pl\/2017\/05\/program-kolorowe-kombo-programowe-warsztaty-haftu-oraz-festiwal-kolorow\/\" \/>\n<meta property=\"og:site_name\" content=\"Dreamhaven 2017\" \/>\n<meta property=\"article:author\" content=\"https:\/\/www.facebook.com\/fil.dreamhaven\/\" \/>\n<meta property=\"article:published_time\" content=\"2017-05-04T09:26:06+00:00\" \/>\n<meta property=\"article:modified_time\" content=\"2017-05-04T09:27:30+00:00\" \/>\n<meta property=\"og:image\" content=\"http:\/\/dreamhaven.pl\/2017\/wp-content\/uploads\/sites\/5\/2017\/05\/haft_i_holi.png\" \/>\n\t<meta property=\"og:image:width\" content=\"945\" \/>\n\t<meta property=\"og:image:height\" content=\"756\" \/>\n\t<meta property=\"og:image:type\" content=\"image\/png\" \/>\n<meta name=\"author\" content=\"Danai\" \/>\n<meta name=\"twitter:card\" content=\"summary_large_image\" \/>\n<meta name=\"twitter:label1\" content=\"Napisane przez\" \/>\n\t<meta name=\"twitter:data1\" content=\"Danai\" \/>\n<script type=\"application\/ld+json\" class=\"yoast-schema-graph\">{\"@context\":\"https:\/\/schema.org\",\"@graph\":[{\"@type\":\"Article\",\"@id\":\"http:\/\/dreamhaven.pl\/2017\/05\/program-kolorowe-kombo-programowe-warsztaty-haftu-oraz-festiwal-kolorow\/#article\",\"isPartOf\":{\"@id\":\"http:\/\/dreamhaven.pl\/2017\/05\/program-kolorowe-kombo-programowe-warsztaty-haftu-oraz-festiwal-kolorow\/\"},\"author\":{\"name\":\"Danai\",\"@id\":\"http:\/\/dreamhaven.pl\/2017\/#\/schema\/person\/aa02104463d4730a36dba60680dbe98f\"},\"headline\":\"Punkt programu &#8211; kolorowe kombo programowe &#8211; Warsztaty Haftu oraz Festiwal Kolor\u00f3w\",\"datePublished\":\"2017-05-04T09:26:06+00:00\",\"dateModified\":\"2017-05-04T09:27:30+00:00\",\"mainEntityOfPage\":{\"@id\":\"http:\/\/dreamhaven.pl\/2017\/05\/program-kolorowe-kombo-programowe-warsztaty-haftu-oraz-festiwal-kolorow\/\"},\"wordCount\":70,\"image\":{\"@id\":\"http:\/\/dreamhaven.pl\/2017\/05\/program-kolorowe-kombo-programowe-warsztaty-haftu-oraz-festiwal-kolorow\/#primaryimage\"},\"thumbnailUrl\":\"http:\/\/dreamhaven.pl\/2017\/wp-content\/uploads\/sites\/5\/2017\/05\/haft_i_holi.png\",\"articleSection\":[\"Program\"],\"inLanguage\":\"pl-PL\"},{\"@type\":\"WebPage\",\"@id\":\"http:\/\/dreamhaven.pl\/2017\/05\/program-kolorowe-kombo-programowe-warsztaty-haftu-oraz-festiwal-kolorow\/\",\"url\":\"http:\/\/dreamhaven.pl\/2017\/05\/program-kolorowe-kombo-programowe-warsztaty-haftu-oraz-festiwal-kolorow\/\",\"name\":\"Punkt programu - kolorowe kombo programowe - Warsztaty Haftu oraz Festiwal Kolor\u00f3w - Dreamhaven 2017\",\"isPartOf\":{\"@id\":\"http:\/\/dreamhaven.pl\/2017\/#website\"},\"primaryImageOfPage\":{\"@id\":\"http:\/\/dreamhaven.pl\/2017\/05\/program-kolorowe-kombo-programowe-warsztaty-haftu-oraz-festiwal-kolorow\/#primaryimage\"},\"image\":{\"@id\":\"http:\/\/dreamhaven.pl\/2017\/05\/program-kolorowe-kombo-programowe-warsztaty-haftu-oraz-festiwal-kolorow\/#primaryimage\"},\"thumbnailUrl\":\"http:\/\/dreamhaven.pl\/2017\/wp-content\/uploads\/sites\/5\/2017\/05\/haft_i_holi.png\",\"datePublished\":\"2017-05-04T09:26:06+00:00\",\"dateModified\":\"2017-05-04T09:27:30+00:00\",\"author\":{\"@id\":\"http:\/\/dreamhaven.pl\/2017\/#\/schema\/person\/aa02104463d4730a36dba60680dbe98f\"},\"breadcrumb\":{\"@id\":\"http:\/\/dreamhaven.pl\/2017\/05\/program-kolorowe-kombo-programowe-warsztaty-haftu-oraz-festiwal-kolorow\/#breadcrumb\"},\"inLanguage\":\"pl-PL\",\"potentialAction\":[{\"@type\":\"ReadAction\",\"target\":[\"http:\/\/dreamhaven.pl\/2017\/05\/program-kolorowe-kombo-programowe-warsztaty-haftu-oraz-festiwal-kolorow\/\"]}]},{\"@type\":\"ImageObject\",\"inLanguage\":\"pl-PL\",\"@id\":\"http:\/\/dreamhaven.pl\/2017\/05\/program-kolorowe-kombo-programowe-warsztaty-haftu-oraz-festiwal-kolorow\/#primaryimage\",\"url\":\"http:\/\/dreamhaven.pl\/2017\/wp-content\/uploads\/sites\/5\/2017\/05\/haft_i_holi.png\",\"contentUrl\":\"http:\/\/dreamhaven.pl\/2017\/wp-content\/uploads\/sites\/5\/2017\/05\/haft_i_holi.png\",\"width\":945,\"height\":756},{\"@type\":\"BreadcrumbList\",\"@id\":\"http:\/\/dreamhaven.pl\/2017\/05\/program-kolorowe-kombo-programowe-warsztaty-haftu-oraz-festiwal-kolorow\/#breadcrumb\",\"itemListElement\":[{\"@type\":\"ListItem\",\"position\":1,\"name\":\"Strona g\u0142\u00f3wna\",\"item\":\"http:\/\/dreamhaven.pl\/2017\/\"},{\"@type\":\"ListItem\",\"position\":2,\"name\":\"Punkt programu &#8211; kolorowe kombo programowe &#8211; Warsztaty Haftu oraz Festiwal Kolor\u00f3w\"}]},{\"@type\":\"WebSite\",\"@id\":\"http:\/\/dreamhaven.pl\/2017\/#website\",\"url\":\"http:\/\/dreamhaven.pl\/2017\/\",\"name\":\"Dreamhaven 2017\",\"description\":\"Festiwal Innowacji Larpowych\",\"potentialAction\":[{\"@type\":\"SearchAction\",\"target\":{\"@type\":\"EntryPoint\",\"urlTemplate\":\"http:\/\/dreamhaven.pl\/2017\/?s={search_term_string}\"},\"query-input\":{\"@type\":\"PropertyValueSpecification\",\"valueRequired\":true,\"valueName\":\"search_term_string\"}}],\"inLanguage\":\"pl-PL\"},{\"@type\":\"Person\",\"@id\":\"http:\/\/dreamhaven.pl\/2017\/#\/schema\/person\/aa02104463d4730a36dba60680dbe98f\",\"name\":\"Danai\",\"image\":{\"@type\":\"ImageObject\",\"inLanguage\":\"pl-PL\",\"@id\":\"https:\/\/secure.gravatar.com\/avatar\/b9fe7251d3c0895c21539bc679de0dbd6d3af3d556126ea88407f88e3cbdde38?s=96&d=mm&r=g\",\"url\":\"https:\/\/secure.gravatar.com\/avatar\/b9fe7251d3c0895c21539bc679de0dbd6d3af3d556126ea88407f88e3cbdde38?s=96&d=mm&r=g\",\"contentUrl\":\"https:\/\/secure.gravatar.com\/avatar\/b9fe7251d3c0895c21539bc679de0dbd6d3af3d556126ea88407f88e3cbdde38?s=96&d=mm&r=g\",\"caption\":\"Danai\"},\"sameAs\":[\"https:\/\/www.facebook.com\/fil.dreamhaven\/\"],\"url\":\"http:\/\/dreamhaven.pl\/2017\/author\/danai\/\"}]}<\/script>\n<!-- \/ Yoast SEO plugin. -->","yoast_head_json":{"title":"Punkt programu - kolorowe kombo programowe - Warsztaty Haftu oraz Festiwal Kolor\u00f3w - Dreamhaven 2017","robots":{"index":"index","follow":"follow","max-snippet":"max-snippet:-1","max-image-preview":"max-image-preview:large","max-video-preview":"max-video-preview:-1"},"canonical":"http:\/\/dreamhaven.pl\/2017\/05\/program-kolorowe-kombo-programowe-warsztaty-haftu-oraz-festiwal-kolorow\/","og_locale":"pl_PL","og_type":"article","og_title":"Punkt programu - kolorowe kombo programowe - Warsztaty Haftu oraz Festiwal Kolor\u00f3w - Dreamhaven 2017","og_description":"Anna &#8222;Fil&#8221; Filipiak wprowadzi Was w tajniki haftu &#8211; co\u015b dla tych, kt\u00f3rym bliskie jest has\u0142o &#8222;Machaj ig\u0142\u0105, nie mieczem!&#8221;. Warto zg\u0142osi\u0107 si\u0119 wcze\u015bniej! Zbigniew &#8222;Zkaj&#8221; Judek oraz Paulina &#8222;Lulish&#8221; Misiukiewicz pomog\u0105 Wam z\u0142apa\u0107 nieco koloru w \u017cyciu &#8211; przemienimy nasze bia\u0142e ubrania w radosny, barwny chaos za pomoc\u0105 proszku holi.","og_url":"http:\/\/dreamhaven.pl\/2017\/05\/program-kolorowe-kombo-programowe-warsztaty-haftu-oraz-festiwal-kolorow\/","og_site_name":"Dreamhaven 2017","article_author":"https:\/\/www.facebook.com\/fil.dreamhaven\/","article_published_time":"2017-05-04T09:26:06+00:00","article_modified_time":"2017-05-04T09:27:30+00:00","og_image":[{"width":945,"height":756,"url":"http:\/\/dreamhaven.pl\/2017\/wp-content\/uploads\/sites\/5\/2017\/05\/haft_i_holi.png","type":"image\/png"}],"author":"Danai","twitter_card":"summary_large_image","twitter_misc":{"Napisane przez":"Danai"},"schema":{"@context":"https:\/\/schema.org","@graph":[{"@type":"Article","@id":"http:\/\/dreamhaven.pl\/2017\/05\/program-kolorowe-kombo-programowe-warsztaty-haftu-oraz-festiwal-kolorow\/#article","isPartOf":{"@id":"http:\/\/dreamhaven.pl\/2017\/05\/program-kolorowe-kombo-programowe-warsztaty-haftu-oraz-festiwal-kolorow\/"},"author":{"name":"Danai","@id":"http:\/\/dreamhaven.pl\/2017\/#\/schema\/person\/aa02104463d4730a36dba60680dbe98f"},"headline":"Punkt programu &#8211; kolorowe kombo programowe &#8211; Warsztaty Haftu oraz Festiwal Kolor\u00f3w","datePublished":"2017-05-04T09:26:06+00:00","dateModified":"2017-05-04T09:27:30+00:00","mainEntityOfPage":{"@id":"http:\/\/dreamhaven.pl\/2017\/05\/program-kolorowe-kombo-programowe-warsztaty-haftu-oraz-festiwal-kolorow\/"},"wordCount":70,"image":{"@id":"http:\/\/dreamhaven.pl\/2017\/05\/program-kolorowe-kombo-programowe-warsztaty-haftu-oraz-festiwal-kolorow\/#primaryimage"},"thumbnailUrl":"http:\/\/dreamhaven.pl\/2017\/wp-content\/uploads\/sites\/5\/2017\/05\/haft_i_holi.png","articleSection":["Program"],"inLanguage":"pl-PL"},{"@type":"WebPage","@id":"http:\/\/dreamhaven.pl\/2017\/05\/program-kolorowe-kombo-programowe-warsztaty-haftu-oraz-festiwal-kolorow\/","url":"http:\/\/dreamhaven.pl\/2017\/05\/program-kolorowe-kombo-programowe-warsztaty-haftu-oraz-festiwal-kolorow\/","name":"Punkt programu - kolorowe kombo programowe - Warsztaty Haftu oraz Festiwal Kolor\u00f3w - Dreamhaven 2017","isPartOf":{"@id":"http:\/\/dreamhaven.pl\/2017\/#website"},"primaryImageOfPage":{"@id":"http:\/\/dreamhaven.pl\/2017\/05\/program-kolorowe-kombo-programowe-warsztaty-haftu-oraz-festiwal-kolorow\/#primaryimage"},"image":{"@id":"http:\/\/dreamhaven.pl\/2017\/05\/program-kolorowe-kombo-programowe-warsztaty-haftu-oraz-festiwal-kolorow\/#primaryimage"},"thumbnailUrl":"http:\/\/dreamhaven.pl\/2017\/wp-content\/uploads\/sites\/5\/2017\/05\/haft_i_holi.png","datePublished":"2017-05-04T09:26:06+00:00","dateModified":"2017-05-04T09:27:30+00:00","author":{"@id":"http:\/\/dreamhaven.pl\/2017\/#\/schema\/person\/aa02104463d4730a36dba60680dbe98f"},"breadcrumb":{"@id":"http:\/\/dreamhaven.pl\/2017\/05\/program-kolorowe-kombo-programowe-warsztaty-haftu-oraz-festiwal-kolorow\/#breadcrumb"},"inLanguage":"pl-PL","potentialAction":[{"@type":"ReadAction","target":["http:\/\/dreamhaven.pl\/2017\/05\/program-kolorowe-kombo-programowe-warsztaty-haftu-oraz-festiwal-kolorow\/"]}]},{"@type":"ImageObject","inLanguage":"pl-PL","@id":"http:\/\/dreamhaven.pl\/2017\/05\/program-kolorowe-kombo-programowe-warsztaty-haftu-oraz-festiwal-kolorow\/#primaryimage","url":"http:\/\/dreamhaven.pl\/2017\/wp-content\/uploads\/sites\/5\/2017\/05\/haft_i_holi.png","contentUrl":"http:\/\/dreamhaven.pl\/2017\/wp-content\/uploads\/sites\/5\/2017\/05\/haft_i_holi.png","width":945,"height":756},{"@type":"BreadcrumbList","@id":"http:\/\/dreamhaven.pl\/2017\/05\/program-kolorowe-kombo-programowe-warsztaty-haftu-oraz-festiwal-kolorow\/#breadcrumb","itemListElement":[{"@type":"ListItem","position":1,"name":"Strona g\u0142\u00f3wna","item":"http:\/\/dreamhaven.pl\/2017\/"},{"@type":"ListItem","position":2,"name":"Punkt programu &#8211; kolorowe kombo programowe &#8211; Warsztaty Haftu oraz Festiwal Kolor\u00f3w"}]},{"@type":"WebSite","@id":"http:\/\/dreamhaven.pl\/2017\/#website","url":"http:\/\/dreamhaven.pl\/2017\/","name":"Dreamhaven 2017","description":"Festiwal Innowacji Larpowych","potentialAction":[{"@type":"SearchAction","target":{"@type":"EntryPoint","urlTemplate":"http:\/\/dreamhaven.pl\/2017\/?s={search_term_string}"},"query-input":{"@type":"PropertyValueSpecification","valueRequired":true,"valueName":"search_term_string"}}],"inLanguage":"pl-PL"},{"@type":"Person","@id":"http:\/\/dreamhaven.pl\/2017\/#\/schema\/person\/aa02104463d4730a36dba60680dbe98f","name":"Danai","image":{"@type":"ImageObject","inLanguage":"pl-PL","@id":"https:\/\/secure.gravatar.com\/avatar\/b9fe7251d3c0895c21539bc679de0dbd6d3af3d556126ea88407f88e3cbdde38?s=96&d=mm&r=g","url":"https:\/\/secure.gravatar.com\/avatar\/b9fe7251d3c0895c21539bc679de0dbd6d3af3d556126ea88407f88e3cbdde38?s=96&d=mm&r=g","contentUrl":"https:\/\/secure.gravatar.com\/avatar\/b9fe7251d3c0895c21539bc679de0dbd6d3af3d556126ea88407f88e3cbdde38?s=96&d=mm&r=g","caption":"Danai"},"sameAs":["https:\/\/www.facebook.com\/fil.dreamhaven\/"],"url":"http:\/\/dreamhaven.pl\/2017\/author\/danai\/"}]}},"jetpack_publicize_connections":[],"jetpack_featured_media_url":"http:\/\/dreamhaven.pl\/2017\/wp-content\/uploads\/sites\/5\/2017\/05\/haft_i_holi.png","jetpack_sharing_enabled":true,"jetpack_shortlink":"https:\/\/wp.me\/p73K4e-tm","jetpack_likes_enabled":true,"_links":{"self":[{"href":"http:\/\/dreamhaven.pl\/2017\/wp-json\/wp\/v2\/posts\/1820","targetHints":{"allow":["GET"]}}],"collection":[{"href":"http:\/\/dreamhaven.pl\/2017\/wp-json\/wp\/v2\/posts"}],"about":[{"href":"http:\/\/dreamhaven.pl\/2017\/wp-json\/wp\/v2\/types\/post"}],"author":[{"embeddable":true,"href":"http:\/\/dreamhaven.pl\/2017\/wp-json\/wp\/v2\/users\/8"}],"replies":[{"embeddable":true,"href":"http:\/\/dreamhaven.pl\/2017\/wp-json\/wp\/v2\/comments?post=1820"}],"version-history":[{"count":0,"href":"http:\/\/dreamhaven.pl\/2017\/wp-json\/wp\/v2\/posts\/1820\/revisions"}],"wp:featuredmedia":[{"embeddable":true,"href":"http:\/\/dreamhaven.pl\/2017\/wp-json\/wp\/v2\/media\/1821"}],"wp:attachment":[{"href":"http:\/\/dreamhaven.pl\/2017\/wp-json\/wp\/v2\/media?parent=1820"}],"wp:term":[{"taxonomy":"category","embeddable":true,"href":"http:\/\/dreamhaven.pl\/2017\/wp-json\/wp\/v2\/categories?post=1820"},{"taxonomy":"post_tag","embeddable":true,"href":"http:\/\/dreamhaven.pl\/2017\/wp-json\/wp\/v2\/tags?post=1820"}],"curies":[{"name":"wp","href":"https:\/\/api.w.org\/{rel}","templated":true}]}}