{"id":1828,"date":"2017-05-08T12:50:09","date_gmt":"2017-05-08T10:50:09","guid":{"rendered":"http:\/\/dreamhaven.pl\/2017\/?p=1828"},"modified":"2017-05-08T12:50:09","modified_gmt":"2017-05-08T10:50:09","slug":"punkt-programu-integracja-wieczorek-poetycki","status":"publish","type":"post","link":"http:\/\/dreamhaven.pl\/2017\/05\/punkt-programu-integracja-wieczorek-poetycki\/","title":{"rendered":"Punkt programu &#8211; Integracja &#8211; Wieczorek poetycki"},"content":{"rendered":"<p>Wydarzenie integracyjne &#8211; Aleksandra &#8222;Panda&#8221; Kiebasz<\/p>\n<p><em>Si\u0105d\u017a z ksi\u0105\u017ck\u0105 na fontanny kraw\u0119dzi kamiennej,<br \/>\nW kt\u00f3rej ogr\u00f3d odbija si\u0119 i b\u0142\u0119kit czysty,<br \/>\nPo\u0142\u00f3\u017c przy sobie usch\u0142y kwiat, po\u017c\u00f3\u0142k\u0142e listy,<br \/>\nWst\u0105\u017ck\u0119 i mandolin\u0119, instrument piosenny.<\/p>\n<p>I kiedy s\u0142o\u0144ce ko\u0144czy\u0107 b\u0119dzie bieg sw\u00f3j dzienny,<br \/>\nNajs\u0142odszy ranek szcz\u0119\u015bcia przypomnij \u015bwietlisty<br \/>\nI wiecz\u00f3r najsmutniejszych \u0142ez, gdy ametysty<br \/>\nNiebios zlewa\u0142y na ci\u0119 zmierzch b\u00f3lem brzemienny.<\/p>\n<p>I gdy dwie \u0142zy upadn\u0105 na kwiat, listy, wst\u0105\u017ck\u0119,<br \/>\nOpar\u0142szy skro\u0144 na d\u0142oni, otw\u00f3rz cicho ksi\u0105\u017ck\u0119,<br \/>\nA zrozumiesz, co znacz\u0105 s\u0142owa: zmierzch, \u017cal, smutki.<\/p>\n<p>I gdy podniesiesz czo\u0142o po zadumie d\u0142ugiej,<br \/>\nZaznacz t\u0119 stron\u0119 modrym kwiatem niezabudki<br \/>\nI nigdy ju\u017c nie czytaj jej w \u017cyciu raz drugi.<\/p>\n<p>Leopold Staff \u2013 \u201eJak wiersze czyta\u0107\u201d<\/em><\/p>\n<p>Spotkamy si\u0119 nad jeziorem \u017ceby si\u0119 powzrusza\u0107. Kocyki wskazane.<\/p>\n","protected":false},"excerpt":{"rendered":"<p>Wydarzenie integracyjne &#8211; Aleksandra &#8222;Panda&#8221; Kiebasz Si\u0105d\u017a z ksi\u0105\u017ck\u0105 na fontanny kraw\u0119dzi kamiennej, W kt\u00f3rej ogr\u00f3d odbija si\u0119 i b\u0142\u0119kit czysty, Po\u0142\u00f3\u017c przy sobie usch\u0142y kwiat, po\u017c\u00f3\u0142k\u0142e listy, Wst\u0105\u017ck\u0119 i mandolin\u0119, instrument piosenny. I kiedy s\u0142o\u0144ce ko\u0144czy\u0107 b\u0119dzie bieg sw\u00f3j dzienny, Najs\u0142odszy ranek szcz\u0119\u015bcia przypomnij \u015bwietlisty I wiecz\u00f3r najsmutniejszych \u0142ez, gdy ametysty Niebios zlewa\u0142y na [&hellip;]<\/p>\n","protected":false},"author":8,"featured_media":1829,"comment_status":"closed","ping_status":"closed","sticky":false,"template":"","format":"standard","meta":{"_monsterinsights_skip_tracking":false,"_monsterinsights_sitenote_active":false,"_monsterinsights_sitenote_note":"","_monsterinsights_sitenote_category":0,"jetpack_post_was_ever_published":false,"_jetpack_newsletter_access":"","_jetpack_dont_email_post_to_subs":false,"_jetpack_newsletter_tier_id":0,"_jetpack_memberships_contains_paywalled_content":false,"_jetpack_memberships_contains_paid_content":false,"footnotes":"","jetpack_publicize_message":"A ju\u017c w najbli\u017cszy czwartek o 20:00 ruszaj\u0105 zapisy na Ostatnie Wakacje - run'\u00f3w b\u0119dzie kilka, w tym z zapisami na samym konwencie, ale radzimy za\u0142apa\u0107 si\u0119 online dla bezpiecze\u0144stwa ;)","jetpack_publicize_feature_enabled":true,"jetpack_social_post_already_shared":true,"jetpack_social_options":{"image_generator_settings":{"template":"highway","default_image_id":0,"font":"","enabled":false},"version":2}},"categories":[24],"tags":[],"class_list":{"0":"post-1828","1":"post","2":"type-post","3":"status-publish","4":"format-standard","5":"has-post-thumbnail","6":"hentry","7":"category-program","9":"post-with-thumbnail","10":"post-with-thumbnail-large"},"yoast_head":"<!-- This site is optimized with the Yoast SEO plugin v27.2 - https:\/\/yoast.com\/product\/yoast-seo-wordpress\/ -->\n<title>Punkt programu - Integracja - Wieczorek poetycki - Dreamhaven 2017<\/title>\n<meta name=\"robots\" content=\"index, follow, max-snippet:-1, max-image-preview:large, max-video-preview:-1\" \/>\n<link rel=\"canonical\" href=\"http:\/\/dreamhaven.pl\/2017\/05\/punkt-programu-integracja-wieczorek-poetycki\/\" \/>\n<meta property=\"og:locale\" content=\"pl_PL\" \/>\n<meta property=\"og:type\" content=\"article\" \/>\n<meta property=\"og:title\" content=\"Punkt programu - Integracja - Wieczorek poetycki - Dreamhaven 2017\" \/>\n<meta property=\"og:description\" content=\"Wydarzenie integracyjne &#8211; Aleksandra &#8222;Panda&#8221; Kiebasz Si\u0105d\u017a z ksi\u0105\u017ck\u0105 na fontanny kraw\u0119dzi kamiennej, W kt\u00f3rej ogr\u00f3d odbija si\u0119 i b\u0142\u0119kit czysty, Po\u0142\u00f3\u017c przy sobie usch\u0142y kwiat, po\u017c\u00f3\u0142k\u0142e listy, Wst\u0105\u017ck\u0119 i mandolin\u0119, instrument piosenny. I kiedy s\u0142o\u0144ce ko\u0144czy\u0107 b\u0119dzie bieg sw\u00f3j dzienny, Najs\u0142odszy ranek szcz\u0119\u015bcia przypomnij \u015bwietlisty I wiecz\u00f3r najsmutniejszych \u0142ez, gdy ametysty Niebios zlewa\u0142y na [&hellip;]\" \/>\n<meta property=\"og:url\" content=\"http:\/\/dreamhaven.pl\/2017\/05\/punkt-programu-integracja-wieczorek-poetycki\/\" \/>\n<meta property=\"og:site_name\" content=\"Dreamhaven 2017\" \/>\n<meta property=\"article:author\" content=\"https:\/\/www.facebook.com\/fil.dreamhaven\/\" \/>\n<meta property=\"article:published_time\" content=\"2017-05-08T10:50:09+00:00\" \/>\n<meta property=\"og:image\" content=\"http:\/\/dreamhaven.pl\/2017\/wp-content\/uploads\/sites\/5\/2017\/05\/wieczorek_poetycki.png\" \/>\n\t<meta property=\"og:image:width\" content=\"945\" \/>\n\t<meta property=\"og:image:height\" content=\"756\" \/>\n\t<meta property=\"og:image:type\" content=\"image\/png\" \/>\n<meta name=\"author\" content=\"Danai\" \/>\n<meta name=\"twitter:card\" content=\"summary_large_image\" \/>\n<meta name=\"twitter:label1\" content=\"Napisane przez\" \/>\n\t<meta name=\"twitter:data1\" content=\"Danai\" \/>\n\t<meta name=\"twitter:label2\" content=\"Szacowany czas czytania\" \/>\n\t<meta name=\"twitter:data2\" content=\"1 minuta\" \/>\n<script type=\"application\/ld+json\" class=\"yoast-schema-graph\">{\"@context\":\"https:\/\/schema.org\",\"@graph\":[{\"@type\":\"Article\",\"@id\":\"http:\/\/dreamhaven.pl\/2017\/05\/punkt-programu-integracja-wieczorek-poetycki\/#article\",\"isPartOf\":{\"@id\":\"http:\/\/dreamhaven.pl\/2017\/05\/punkt-programu-integracja-wieczorek-poetycki\/\"},\"author\":{\"name\":\"Danai\",\"@id\":\"http:\/\/dreamhaven.pl\/2017\/#\/schema\/person\/aa02104463d4730a36dba60680dbe98f\"},\"headline\":\"Punkt programu &#8211; Integracja &#8211; Wieczorek poetycki\",\"datePublished\":\"2017-05-08T10:50:09+00:00\",\"mainEntityOfPage\":{\"@id\":\"http:\/\/dreamhaven.pl\/2017\/05\/punkt-programu-integracja-wieczorek-poetycki\/\"},\"wordCount\":155,\"image\":{\"@id\":\"http:\/\/dreamhaven.pl\/2017\/05\/punkt-programu-integracja-wieczorek-poetycki\/#primaryimage\"},\"thumbnailUrl\":\"http:\/\/dreamhaven.pl\/2017\/wp-content\/uploads\/sites\/5\/2017\/05\/wieczorek_poetycki.png\",\"articleSection\":[\"Program\"],\"inLanguage\":\"pl-PL\"},{\"@type\":\"WebPage\",\"@id\":\"http:\/\/dreamhaven.pl\/2017\/05\/punkt-programu-integracja-wieczorek-poetycki\/\",\"url\":\"http:\/\/dreamhaven.pl\/2017\/05\/punkt-programu-integracja-wieczorek-poetycki\/\",\"name\":\"Punkt programu - Integracja - Wieczorek poetycki - Dreamhaven 2017\",\"isPartOf\":{\"@id\":\"http:\/\/dreamhaven.pl\/2017\/#website\"},\"primaryImageOfPage\":{\"@id\":\"http:\/\/dreamhaven.pl\/2017\/05\/punkt-programu-integracja-wieczorek-poetycki\/#primaryimage\"},\"image\":{\"@id\":\"http:\/\/dreamhaven.pl\/2017\/05\/punkt-programu-integracja-wieczorek-poetycki\/#primaryimage\"},\"thumbnailUrl\":\"http:\/\/dreamhaven.pl\/2017\/wp-content\/uploads\/sites\/5\/2017\/05\/wieczorek_poetycki.png\",\"datePublished\":\"2017-05-08T10:50:09+00:00\",\"author\":{\"@id\":\"http:\/\/dreamhaven.pl\/2017\/#\/schema\/person\/aa02104463d4730a36dba60680dbe98f\"},\"breadcrumb\":{\"@id\":\"http:\/\/dreamhaven.pl\/2017\/05\/punkt-programu-integracja-wieczorek-poetycki\/#breadcrumb\"},\"inLanguage\":\"pl-PL\",\"potentialAction\":[{\"@type\":\"ReadAction\",\"target\":[\"http:\/\/dreamhaven.pl\/2017\/05\/punkt-programu-integracja-wieczorek-poetycki\/\"]}]},{\"@type\":\"ImageObject\",\"inLanguage\":\"pl-PL\",\"@id\":\"http:\/\/dreamhaven.pl\/2017\/05\/punkt-programu-integracja-wieczorek-poetycki\/#primaryimage\",\"url\":\"http:\/\/dreamhaven.pl\/2017\/wp-content\/uploads\/sites\/5\/2017\/05\/wieczorek_poetycki.png\",\"contentUrl\":\"http:\/\/dreamhaven.pl\/2017\/wp-content\/uploads\/sites\/5\/2017\/05\/wieczorek_poetycki.png\",\"width\":945,\"height\":756},{\"@type\":\"BreadcrumbList\",\"@id\":\"http:\/\/dreamhaven.pl\/2017\/05\/punkt-programu-integracja-wieczorek-poetycki\/#breadcrumb\",\"itemListElement\":[{\"@type\":\"ListItem\",\"position\":1,\"name\":\"Strona g\u0142\u00f3wna\",\"item\":\"http:\/\/dreamhaven.pl\/2017\/\"},{\"@type\":\"ListItem\",\"position\":2,\"name\":\"Punkt programu &#8211; Integracja &#8211; Wieczorek poetycki\"}]},{\"@type\":\"WebSite\",\"@id\":\"http:\/\/dreamhaven.pl\/2017\/#website\",\"url\":\"http:\/\/dreamhaven.pl\/2017\/\",\"name\":\"Dreamhaven 2017\",\"description\":\"Festiwal Innowacji Larpowych\",\"potentialAction\":[{\"@type\":\"SearchAction\",\"target\":{\"@type\":\"EntryPoint\",\"urlTemplate\":\"http:\/\/dreamhaven.pl\/2017\/?s={search_term_string}\"},\"query-input\":{\"@type\":\"PropertyValueSpecification\",\"valueRequired\":true,\"valueName\":\"search_term_string\"}}],\"inLanguage\":\"pl-PL\"},{\"@type\":\"Person\",\"@id\":\"http:\/\/dreamhaven.pl\/2017\/#\/schema\/person\/aa02104463d4730a36dba60680dbe98f\",\"name\":\"Danai\",\"image\":{\"@type\":\"ImageObject\",\"inLanguage\":\"pl-PL\",\"@id\":\"https:\/\/secure.gravatar.com\/avatar\/b9fe7251d3c0895c21539bc679de0dbd6d3af3d556126ea88407f88e3cbdde38?s=96&d=mm&r=g\",\"url\":\"https:\/\/secure.gravatar.com\/avatar\/b9fe7251d3c0895c21539bc679de0dbd6d3af3d556126ea88407f88e3cbdde38?s=96&d=mm&r=g\",\"contentUrl\":\"https:\/\/secure.gravatar.com\/avatar\/b9fe7251d3c0895c21539bc679de0dbd6d3af3d556126ea88407f88e3cbdde38?s=96&d=mm&r=g\",\"caption\":\"Danai\"},\"sameAs\":[\"https:\/\/www.facebook.com\/fil.dreamhaven\/\"],\"url\":\"http:\/\/dreamhaven.pl\/2017\/author\/danai\/\"}]}<\/script>\n<!-- \/ Yoast SEO plugin. -->","yoast_head_json":{"title":"Punkt programu - Integracja - Wieczorek poetycki - Dreamhaven 2017","robots":{"index":"index","follow":"follow","max-snippet":"max-snippet:-1","max-image-preview":"max-image-preview:large","max-video-preview":"max-video-preview:-1"},"canonical":"http:\/\/dreamhaven.pl\/2017\/05\/punkt-programu-integracja-wieczorek-poetycki\/","og_locale":"pl_PL","og_type":"article","og_title":"Punkt programu - Integracja - Wieczorek poetycki - Dreamhaven 2017","og_description":"Wydarzenie integracyjne &#8211; Aleksandra &#8222;Panda&#8221; Kiebasz Si\u0105d\u017a z ksi\u0105\u017ck\u0105 na fontanny kraw\u0119dzi kamiennej, W kt\u00f3rej ogr\u00f3d odbija si\u0119 i b\u0142\u0119kit czysty, Po\u0142\u00f3\u017c przy sobie usch\u0142y kwiat, po\u017c\u00f3\u0142k\u0142e listy, Wst\u0105\u017ck\u0119 i mandolin\u0119, instrument piosenny. I kiedy s\u0142o\u0144ce ko\u0144czy\u0107 b\u0119dzie bieg sw\u00f3j dzienny, Najs\u0142odszy ranek szcz\u0119\u015bcia przypomnij \u015bwietlisty I wiecz\u00f3r najsmutniejszych \u0142ez, gdy ametysty Niebios zlewa\u0142y na [&hellip;]","og_url":"http:\/\/dreamhaven.pl\/2017\/05\/punkt-programu-integracja-wieczorek-poetycki\/","og_site_name":"Dreamhaven 2017","article_author":"https:\/\/www.facebook.com\/fil.dreamhaven\/","article_published_time":"2017-05-08T10:50:09+00:00","og_image":[{"width":945,"height":756,"url":"http:\/\/dreamhaven.pl\/2017\/wp-content\/uploads\/sites\/5\/2017\/05\/wieczorek_poetycki.png","type":"image\/png"}],"author":"Danai","twitter_card":"summary_large_image","twitter_misc":{"Napisane przez":"Danai","Szacowany czas czytania":"1 minuta"},"schema":{"@context":"https:\/\/schema.org","@graph":[{"@type":"Article","@id":"http:\/\/dreamhaven.pl\/2017\/05\/punkt-programu-integracja-wieczorek-poetycki\/#article","isPartOf":{"@id":"http:\/\/dreamhaven.pl\/2017\/05\/punkt-programu-integracja-wieczorek-poetycki\/"},"author":{"name":"Danai","@id":"http:\/\/dreamhaven.pl\/2017\/#\/schema\/person\/aa02104463d4730a36dba60680dbe98f"},"headline":"Punkt programu &#8211; Integracja &#8211; Wieczorek poetycki","datePublished":"2017-05-08T10:50:09+00:00","mainEntityOfPage":{"@id":"http:\/\/dreamhaven.pl\/2017\/05\/punkt-programu-integracja-wieczorek-poetycki\/"},"wordCount":155,"image":{"@id":"http:\/\/dreamhaven.pl\/2017\/05\/punkt-programu-integracja-wieczorek-poetycki\/#primaryimage"},"thumbnailUrl":"http:\/\/dreamhaven.pl\/2017\/wp-content\/uploads\/sites\/5\/2017\/05\/wieczorek_poetycki.png","articleSection":["Program"],"inLanguage":"pl-PL"},{"@type":"WebPage","@id":"http:\/\/dreamhaven.pl\/2017\/05\/punkt-programu-integracja-wieczorek-poetycki\/","url":"http:\/\/dreamhaven.pl\/2017\/05\/punkt-programu-integracja-wieczorek-poetycki\/","name":"Punkt programu - Integracja - Wieczorek poetycki - Dreamhaven 2017","isPartOf":{"@id":"http:\/\/dreamhaven.pl\/2017\/#website"},"primaryImageOfPage":{"@id":"http:\/\/dreamhaven.pl\/2017\/05\/punkt-programu-integracja-wieczorek-poetycki\/#primaryimage"},"image":{"@id":"http:\/\/dreamhaven.pl\/2017\/05\/punkt-programu-integracja-wieczorek-poetycki\/#primaryimage"},"thumbnailUrl":"http:\/\/dreamhaven.pl\/2017\/wp-content\/uploads\/sites\/5\/2017\/05\/wieczorek_poetycki.png","datePublished":"2017-05-08T10:50:09+00:00","author":{"@id":"http:\/\/dreamhaven.pl\/2017\/#\/schema\/person\/aa02104463d4730a36dba60680dbe98f"},"breadcrumb":{"@id":"http:\/\/dreamhaven.pl\/2017\/05\/punkt-programu-integracja-wieczorek-poetycki\/#breadcrumb"},"inLanguage":"pl-PL","potentialAction":[{"@type":"ReadAction","target":["http:\/\/dreamhaven.pl\/2017\/05\/punkt-programu-integracja-wieczorek-poetycki\/"]}]},{"@type":"ImageObject","inLanguage":"pl-PL","@id":"http:\/\/dreamhaven.pl\/2017\/05\/punkt-programu-integracja-wieczorek-poetycki\/#primaryimage","url":"http:\/\/dreamhaven.pl\/2017\/wp-content\/uploads\/sites\/5\/2017\/05\/wieczorek_poetycki.png","contentUrl":"http:\/\/dreamhaven.pl\/2017\/wp-content\/uploads\/sites\/5\/2017\/05\/wieczorek_poetycki.png","width":945,"height":756},{"@type":"BreadcrumbList","@id":"http:\/\/dreamhaven.pl\/2017\/05\/punkt-programu-integracja-wieczorek-poetycki\/#breadcrumb","itemListElement":[{"@type":"ListItem","position":1,"name":"Strona g\u0142\u00f3wna","item":"http:\/\/dreamhaven.pl\/2017\/"},{"@type":"ListItem","position":2,"name":"Punkt programu &#8211; Integracja &#8211; Wieczorek poetycki"}]},{"@type":"WebSite","@id":"http:\/\/dreamhaven.pl\/2017\/#website","url":"http:\/\/dreamhaven.pl\/2017\/","name":"Dreamhaven 2017","description":"Festiwal Innowacji Larpowych","potentialAction":[{"@type":"SearchAction","target":{"@type":"EntryPoint","urlTemplate":"http:\/\/dreamhaven.pl\/2017\/?s={search_term_string}"},"query-input":{"@type":"PropertyValueSpecification","valueRequired":true,"valueName":"search_term_string"}}],"inLanguage":"pl-PL"},{"@type":"Person","@id":"http:\/\/dreamhaven.pl\/2017\/#\/schema\/person\/aa02104463d4730a36dba60680dbe98f","name":"Danai","image":{"@type":"ImageObject","inLanguage":"pl-PL","@id":"https:\/\/secure.gravatar.com\/avatar\/b9fe7251d3c0895c21539bc679de0dbd6d3af3d556126ea88407f88e3cbdde38?s=96&d=mm&r=g","url":"https:\/\/secure.gravatar.com\/avatar\/b9fe7251d3c0895c21539bc679de0dbd6d3af3d556126ea88407f88e3cbdde38?s=96&d=mm&r=g","contentUrl":"https:\/\/secure.gravatar.com\/avatar\/b9fe7251d3c0895c21539bc679de0dbd6d3af3d556126ea88407f88e3cbdde38?s=96&d=mm&r=g","caption":"Danai"},"sameAs":["https:\/\/www.facebook.com\/fil.dreamhaven\/"],"url":"http:\/\/dreamhaven.pl\/2017\/author\/danai\/"}]}},"jetpack_publicize_connections":[],"jetpack_featured_media_url":"http:\/\/dreamhaven.pl\/2017\/wp-content\/uploads\/sites\/5\/2017\/05\/wieczorek_poetycki.png","jetpack_sharing_enabled":true,"jetpack_shortlink":"https:\/\/wp.me\/p73K4e-tu","jetpack_likes_enabled":true,"_links":{"self":[{"href":"http:\/\/dreamhaven.pl\/2017\/wp-json\/wp\/v2\/posts\/1828","targetHints":{"allow":["GET"]}}],"collection":[{"href":"http:\/\/dreamhaven.pl\/2017\/wp-json\/wp\/v2\/posts"}],"about":[{"href":"http:\/\/dreamhaven.pl\/2017\/wp-json\/wp\/v2\/types\/post"}],"author":[{"embeddable":true,"href":"http:\/\/dreamhaven.pl\/2017\/wp-json\/wp\/v2\/users\/8"}],"replies":[{"embeddable":true,"href":"http:\/\/dreamhaven.pl\/2017\/wp-json\/wp\/v2\/comments?post=1828"}],"version-history":[{"count":0,"href":"http:\/\/dreamhaven.pl\/2017\/wp-json\/wp\/v2\/posts\/1828\/revisions"}],"wp:featuredmedia":[{"embeddable":true,"href":"http:\/\/dreamhaven.pl\/2017\/wp-json\/wp\/v2\/media\/1829"}],"wp:attachment":[{"href":"http:\/\/dreamhaven.pl\/2017\/wp-json\/wp\/v2\/media?parent=1828"}],"wp:term":[{"taxonomy":"category","embeddable":true,"href":"http:\/\/dreamhaven.pl\/2017\/wp-json\/wp\/v2\/categories?post=1828"},{"taxonomy":"post_tag","embeddable":true,"href":"http:\/\/dreamhaven.pl\/2017\/wp-json\/wp\/v2\/tags?post=1828"}],"curies":[{"name":"wp","href":"https:\/\/api.w.org\/{rel}","templated":true}]}}